{"id":804,"date":"2020-08-25T08:47:37","date_gmt":"2020-08-25T11:47:37","guid":{"rendered":"http:\/\/deborarufino.com.br\/blog\/?p=804"},"modified":"2021-08-27T09:54:37","modified_gmt":"2021-08-27T12:54:37","slug":"meu-chefe-abriu-uma-mei-em-meu-nome","status":"publish","type":"post","link":"http:\/\/deborarufino.com.br\/blog\/meu-chefe-abriu-uma-mei-em-meu-nome\/","title":{"rendered":"Meu chefe abriu uma MEI em meu nome."},"content":{"rendered":"<p><span style=\"color: #99cc00;\" data-ccp-props=\"{&quot;201341983&quot;:0,&quot;335559739&quot;:160,&quot;335559740&quot;:259}\">O chefe abriu uma MEI em seu nome ao\u00a0contr\u00e1rio\u00a0de contratar como funcion\u00e1rio? Isso \u00e9 mais normal que imagina, mas fique atento as obriga\u00e7\u00f5es.\u00a0<\/span><\/p>\n<hr \/>\n<p><a href=\"http:\/\/deborarufino.com.br\/blog\/landing-page\/\"><img data-attachment-id=\"1980\" data-permalink=\"http:\/\/deborarufino.com.br\/blog\/abri-mei-e-nunca-paguei\/debora\/\" data-orig-file=\"https:\/\/i2.wp.com\/deborarufino.com.br\/blog\/wp-content\/uploads\/2019\/04\/Debora.jpg?fit=728%2C90\" data-orig-size=\"728,90\" data-comments-opened=\"1\" data-image-meta=\"{&quot;aperture&quot;:&quot;0&quot;,&quot;credit&quot;:&quot;&quot;,&quot;camera&quot;:&quot;&quot;,&quot;caption&quot;:&quot;&quot;,&quot;created_timestamp&quot;:&quot;0&quot;,&quot;copyright&quot;:&quot;&quot;,&quot;focal_length&quot;:&quot;0&quot;,&quot;iso&quot;:&quot;0&quot;,&quot;shutter_speed&quot;:&quot;0&quot;,&quot;title&quot;:&quot;&quot;,&quot;orientation&quot;:&quot;0&quot;}\" data-image-title=\"Debora\" data-image-description=\"\" data-medium-file=\"https:\/\/i2.wp.com\/deborarufino.com.br\/blog\/wp-content\/uploads\/2019\/04\/Debora.jpg?fit=300%2C37\" data-large-file=\"https:\/\/i2.wp.com\/deborarufino.com.br\/blog\/wp-content\/uploads\/2019\/04\/Debora.jpg?fit=728%2C90\" loading=\"lazy\" class=\"aligncenter wp-image-1980 size-full\" src=\"https:\/\/i2.wp.com\/deborarufino.com.br\/blog\/wp-content\/uploads\/2019\/04\/Debora.jpg?resize=728%2C90\" alt=\"\" width=\"728\" height=\"90\" srcset=\"https:\/\/i2.wp.com\/deborarufino.com.br\/blog\/wp-content\/uploads\/2019\/04\/Debora.jpg?w=728 728w, https:\/\/i2.wp.com\/deborarufino.com.br\/blog\/wp-content\/uploads\/2019\/04\/Debora.jpg?resize=300%2C37 300w\" sizes=\"(max-width: 728px) 100vw, 728px\" data-recalc-dims=\"1\" \/><\/a><\/p>\n<p><span data-contrast=\"auto\">As empresas est\u00e3o buscando meios de pagar menos impostos, e essa foi uma alternativa que alguns empres\u00e1rios\u00a0<\/span><span data-contrast=\"auto\">encontraram<\/span><span data-contrast=\"auto\">.<\/span><span data-ccp-props=\"{&quot;201341983&quot;:0,&quot;335559739&quot;:160,&quot;335559740&quot;:259}\">\u00a0<\/span><\/p>\n<p><span data-contrast=\"auto\">Por pagar menos impostos, o funcion\u00e1rio n\u00e3o poder\u00e1 adquirir alguns\u00a0<\/span><span data-contrast=\"auto\">benef\u00edcios<\/span><span data-contrast=\"auto\">, onde s\u00f3 \u00e9 permitido para trabalhadores registrados, ou seja, contratados pela CLT.<\/span><span data-ccp-props=\"{&quot;201341983&quot;:0,&quot;335559739&quot;:160,&quot;335559740&quot;:259}\">\u00a0<\/span><\/p>\n<h4 aria-level=\"2\"><span style=\"color: #99cc00;\">O que \u00e9 CLT?\u00a0<\/span><\/h4>\n<p><span data-contrast=\"auto\">A Consolida\u00e7\u00e3o das Leis do Trabalho, mais conhecida por CLT, ela foi decretada no Estado Novo em 1\u00ba de Maio de 1943. Al\u00e9m disso, essa legisla\u00e7\u00e3o visa a proteger o trabalhador, a regular as rela\u00e7\u00f5es do trabalho e criar o direito processual do trabalho.<\/span><span data-ccp-props=\"{&quot;201341983&quot;:0,&quot;335559739&quot;:160,&quot;335559740&quot;:259}\">\u00a0<\/span><\/p>\n<p><span data-contrast=\"auto\">Confuso? Resumindo: Essa lei foi criada para que n\u00e3o ocorra rela\u00e7\u00f5es abusivas de trabalho, onde antes dessa lei, aconteciam com\u00a0<\/span><span data-contrast=\"auto\">frequ\u00eancia<\/span><span data-contrast=\"auto\">.<\/span><span data-ccp-props=\"{&quot;201341983&quot;:0,&quot;335559739&quot;:160,&quot;335559740&quot;:259}\">\u00a0<\/span><\/p>\n<p><span data-contrast=\"auto\">A partir desse momento, o funcion\u00e1rio adquiriu\u00a0<\/span><span data-contrast=\"auto\">benef\u00edcios<\/span><span data-contrast=\"auto\"> estabelecidos pela lei, como f\u00e9rias, Fundo de Garantia por Tempo de Servi\u00e7o (FGTS), plano e sa\u00fade, vale refei\u00e7\u00e3o, vale transporte, por exemplo.<\/span><span data-ccp-props=\"{&quot;201341983&quot;:0,&quot;335559739&quot;:160,&quot;335559740&quot;:259}\">\u00a0<\/span><\/p>\n<p><span data-contrast=\"auto\">Quando a empresa te contrata como MEI e n\u00e3o como funcion\u00e1rio, voc\u00ea perde esses\u00a0<\/span><span data-contrast=\"auto\">benef\u00edcios.<\/span><span data-contrast=\"auto\"> Porque eles s\u00f3 s\u00e3o permitidos quando a contrata\u00e7\u00e3o \u00e9 feita pela CLT.<\/span><span data-ccp-props=\"{&quot;201341983&quot;:0,&quot;335559739&quot;:160,&quot;335559740&quot;:259}\">\u00a0<\/span><\/p>\n<h4 aria-level=\"2\"><span style=\"color: #99cc00;\">Por que meu Chefe criou uma MEI?\u00a0<\/span><\/h4>\n<p><span data-contrast=\"auto\">Simples, pagar menos\u00a0<\/span><span data-contrast=\"auto\">impostos<\/span><span data-contrast=\"auto\">.<\/span><span data-ccp-props=\"{&quot;201341983&quot;:0,&quot;335559739&quot;:160,&quot;335559740&quot;:259}\">\u00a0<\/span><\/p>\n<p><span data-contrast=\"auto\">Mas por esse motivo, voc\u00ea como empregado, perde benef\u00edcios. Por isso dever\u00e1 entender, colocar na balan\u00e7a, se realmente vale a pena trabalhar sem adquirir esses benef\u00edcios.<\/span><span data-ccp-props=\"{&quot;201341983&quot;:0,&quot;335559739&quot;:160,&quot;335559740&quot;:259}\">\u00a0<\/span><\/p>\n<p><span data-contrast=\"auto\">Al\u00e9m disso, esse tipo de contrata\u00e7\u00e3o passa a ser vantajosa quando a remunera\u00e7\u00e3o (pagamento) oferecido \u00e9 maior do que a maioria que trabalham como CLT recebem.<\/span><span data-ccp-props=\"{&quot;201341983&quot;:0,&quot;335559739&quot;:160,&quot;335559740&quot;:259}\">\u00a0<\/span><\/p>\n<p><span data-contrast=\"auto\">Pense bem sobre a respeito, mas sabia que ser MEI tamb\u00e9m tem as suas vantagens? Vamos entender como funciona.<\/span><span data-ccp-props=\"{&quot;201341983&quot;:0,&quot;335559739&quot;:160,&quot;335559740&quot;:259}\">\u00a0<\/span><\/p>\n<h4 aria-level=\"2\"><span style=\"color: #99cc00;\">O que \u00e9 MEI?\u00a0<\/span><\/h4>\n<p><span data-contrast=\"auto\">A partir do momento que foi criado uma MEI para voc\u00ea, automaticamente passou a ter um CNPJ, ou seja, j\u00e1 possui uma empresa.<\/span><span data-ccp-props=\"{&quot;201341983&quot;:0,&quot;335559739&quot;:160,&quot;335559740&quot;:259}\">\u00a0<\/span><\/p>\n<p><span data-contrast=\"auto\">Por isso, passar\u00e1 a ter alguns benef\u00edcios, que s\u00f3 as empresas possuem, como por exemplo:<\/span><span data-ccp-props=\"{&quot;201341983&quot;:0,&quot;335559739&quot;:160,&quot;335559740&quot;:259}\">\u00a0<\/span><\/p>\n<ul>\n<li data-leveltext=\"\uf0b7\" data-font=\"Symbol\" data-listid=\"9\" aria-setsize=\"-1\" data-aria-posinset=\"1\" data-aria-level=\"1\"><span data-contrast=\"auto\">Poder\u00e1 abrir conta empresarial no banco. Depois disso, adquirir empr\u00e9stimos com juros mais baixos.<\/span><span data-ccp-props=\"{&quot;134233279&quot;:true,&quot;201341983&quot;:0,&quot;335559739&quot;:160,&quot;335559740&quot;:259}\">\u00a0<\/span><\/li>\n<li data-leveltext=\"\uf0b7\" data-font=\"Symbol\" data-listid=\"9\" aria-setsize=\"-1\" data-aria-posinset=\"2\" data-aria-level=\"1\"><span data-contrast=\"auto\">Com um CNPJ MEI voc\u00ea pode emitir nota fiscal sem custo. Ou seja, mais vendas e seriedade para seu neg\u00f3cio.<\/span><span data-ccp-props=\"{&quot;134233279&quot;:true,&quot;201341983&quot;:0,&quot;335559739&quot;:160,&quot;335559740&quot;:259}\">\u00a0<\/span><\/li>\n<li data-leveltext=\"\uf0b7\" data-font=\"Symbol\" data-listid=\"9\" aria-setsize=\"-1\" data-aria-posinset=\"3\" data-aria-level=\"1\"><span data-contrast=\"auto\">Pagando em dia o seu MEI, voc\u00ea garante benef\u00edcios como aposentadoria por idade, aux\u00edlio doen\u00e7a e sal\u00e1rio-maternidade.<\/span><span data-ccp-props=\"{&quot;134233279&quot;:true,&quot;201341983&quot;:0,&quot;335559739&quot;:160,&quot;335559740&quot;:259}\">\u00a0<\/span><\/li>\n<\/ul>\n<p><span data-contrast=\"auto\">Saiba mais sobre o MEI atrav\u00e9s do artigo:\u00a0<\/span><a href=\"http:\/\/deborarufino.com.br\/blog\/cnpj-mei\/\"><span data-contrast=\"auto\">O que \u00e9 MEI?<\/span><\/a><span data-ccp-props=\"{&quot;201341983&quot;:0,&quot;335559739&quot;:160,&quot;335559740&quot;:259}\">\u00a0<\/span><\/p>\n<h4 aria-level=\"2\"><span style=\"color: #99cc00;\">Quanto eu tenho que pagar sendo MEI?\u00a0<\/span><\/h4>\n<p><span data-contrast=\"auto\">O Imposto do MEI \u00e9 de responsabilidade do Microempreendedor, ou seja, responsabilidade do funcion\u00e1rio. Por isso fique atento!<\/span><span data-ccp-props=\"{&quot;201341983&quot;:0,&quot;335559739&quot;:160,&quot;335559740&quot;:259}\">\u00a0<\/span><\/p>\n<p><span data-contrast=\"auto\">Porque deve ser pago os impostos todos os meses, pois a MEI est\u00e1 em seu nome e a d\u00edvida poder\u00e1 ser repassada ao seu CPF.<\/span><span data-ccp-props=\"{&quot;201341983&quot;:0,&quot;335559739&quot;:160,&quot;335559740&quot;:259}\">\u00a0<\/span><\/p>\n<p><span data-contrast=\"auto\">O valor a ser pago mensal est\u00e1 em torno de R$50,00 por m\u00eas.\u00a0<\/span><\/p>\n<p><span data-contrast=\"auto\">Se n\u00e3o houver o pagamento em dia do imposto perde os\u00a0<\/span><span data-contrast=\"auto\">benef\u00edcios<\/span><span data-contrast=\"auto\"> previdenci\u00e1rios, ou seja, n\u00e3o poder\u00e1 solicitar o aux\u00edlio maternidade, aposentadoria, por exemplo.<\/span><span data-ccp-props=\"{&quot;201341983&quot;:0,&quot;335559739&quot;:160,&quot;335559740&quot;:259}\">\u00a0<\/span><\/p>\n<p><span data-contrast=\"auto\">Al\u00e9m disso, muitos abrem a MEI e de<\/span><span data-contrast=\"auto\">ixam de pagar as parcelas mensais obrigat\u00f3rias. Fique atento! Porque sem o pagamento na data correta, tem a possibilidade de ocorrer o cancelamento autom\u00e1tico do MEI, mas, os d\u00e9bitos continuam em aberto.\u00a0<\/span><span data-ccp-props=\"{&quot;201341983&quot;:0,&quot;335559739&quot;:160,&quot;335559740&quot;:259}\">\u00a0<\/span><\/p>\n<p><span data-contrast=\"auto\">Ap\u00f3s o cancelamento do MEI por falta de pagamento, a d\u00edvida \u00e9 transferida automaticamente para o CPF do\u00a0<\/span><span data-contrast=\"auto\">respons\u00e1vel<\/span><span data-contrast=\"auto\">.<\/span><span data-ccp-props=\"{&quot;201341983&quot;:0,&quot;335559739&quot;:160,&quot;335559740&quot;:259}\">\u00a0<\/span><\/p>\n<p><a href=\"http:\/\/deborarufino.com.br\/blog\/landing-page\/\"><img data-attachment-id=\"1980\" data-permalink=\"http:\/\/deborarufino.com.br\/blog\/abri-mei-e-nunca-paguei\/debora\/\" data-orig-file=\"https:\/\/i2.wp.com\/deborarufino.com.br\/blog\/wp-content\/uploads\/2019\/04\/Debora.jpg?fit=728%2C90\" data-orig-size=\"728,90\" data-comments-opened=\"1\" data-image-meta=\"{&quot;aperture&quot;:&quot;0&quot;,&quot;credit&quot;:&quot;&quot;,&quot;camera&quot;:&quot;&quot;,&quot;caption&quot;:&quot;&quot;,&quot;created_timestamp&quot;:&quot;0&quot;,&quot;copyright&quot;:&quot;&quot;,&quot;focal_length&quot;:&quot;0&quot;,&quot;iso&quot;:&quot;0&quot;,&quot;shutter_speed&quot;:&quot;0&quot;,&quot;title&quot;:&quot;&quot;,&quot;orientation&quot;:&quot;0&quot;}\" data-image-title=\"Debora\" data-image-description=\"\" data-medium-file=\"https:\/\/i2.wp.com\/deborarufino.com.br\/blog\/wp-content\/uploads\/2019\/04\/Debora.jpg?fit=300%2C37\" data-large-file=\"https:\/\/i2.wp.com\/deborarufino.com.br\/blog\/wp-content\/uploads\/2019\/04\/Debora.jpg?fit=728%2C90\" loading=\"lazy\" class=\"aligncenter wp-image-1980 size-full\" src=\"https:\/\/i2.wp.com\/deborarufino.com.br\/blog\/wp-content\/uploads\/2019\/04\/Debora.jpg?resize=728%2C90\" alt=\"\" width=\"728\" height=\"90\" srcset=\"https:\/\/i2.wp.com\/deborarufino.com.br\/blog\/wp-content\/uploads\/2019\/04\/Debora.jpg?w=728 728w, https:\/\/i2.wp.com\/deborarufino.com.br\/blog\/wp-content\/uploads\/2019\/04\/Debora.jpg?resize=300%2C37 300w\" sizes=\"(max-width: 728px) 100vw, 728px\" data-recalc-dims=\"1\" \/><\/a><\/p>\n<p><span style=\"color: #99cc00;\">Est\u00e1\u00a0preocupado\u00a0e quer saber como est\u00e1 a situa\u00e7\u00e3o com a sua MEI?\u00a0<\/span><\/p>\n<p><span style=\"color: #99cc00;\" data-contrast=\"auto\">N\u00f3s mande\u00a0uma mensagem que algum dos nossos consultores ir\u00e1 lhe auxiliar.\u00a0<\/span><span data-ccp-props=\"{&quot;201341983&quot;:0,&quot;335559739&quot;:160,&quot;335559740&quot;:259}\">\u00a0<\/span><\/p>\n<div id='contact-form-804'>\n<form action='http:\/\/deborarufino.com.br\/blog\/meu-chefe-abriu-uma-mei-em-meu-nome\/#contact-form-804' method='post' class='contact-form commentsblock'>\n\n<div class='grunion-field-wrap grunion-field-name-wrap'  >\n<label \n\t\t\t\tfor='g804-nome' \n\t\t\t\tclass='grunion-field-label name'\n\t\t\t\t>Nome<span>(obrigat\u00f3rio)<\/span><\/label>\n<input \n\t\t\t\t\ttype='text' \n\t\t\t\t\tname='g804-nome' \n\t\t\t\t\tid='g804-nome' \n\t\t\t\t\tvalue='' \n\t\t\t\t\tclass='name'  \n\t\t\t\t\trequired aria-required='true' \n\t\t\t\t\/>\n\t<\/div>\n\n<div class='grunion-field-wrap grunion-field-email-wrap'  >\n<label \n\t\t\t\tfor='g804-email' \n\t\t\t\tclass='grunion-field-label email'\n\t\t\t\t>E-mail<span>(obrigat\u00f3rio)<\/span><\/label>\n<input \n\t\t\t\t\ttype='email' \n\t\t\t\t\tname='g804-email' \n\t\t\t\t\tid='g804-email' \n\t\t\t\t\tvalue='' \n\t\t\t\t\tclass='email'  \n\t\t\t\t\trequired aria-required='true' \n\t\t\t\t\/>\n\t<\/div>\n\n<div class='grunion-field-wrap grunion-field-textarea-wrap'  >\n<label \n\t\t\t\tfor='contact-form-comment-g804-mensagem' \n\t\t\t\tclass='grunion-field-label textarea'\n\t\t\t\t>Mensagem<\/label>\n<textarea\n\t\t                name='g804-mensagem' \n\t\t                id='contact-form-comment-g804-mensagem' \n\t\t                rows='20' class='textarea'  ><\/textarea>\n\t<\/div>\n\t<p class='contact-submit'>\n\t\t<input type='submit' value='Enviar' class='pushbutton-wide'\/>\n\t\t<input type='hidden' name='contact-form-id' value='804' \/>\n\t\t<input type='hidden' name='action' value='grunion-contact-form' \/>\n\t\t<input type='hidden' name='contact-form-hash' value='7ff7d552389b803cd09a0285c7dfbed1025d4f9e' \/>\n\t<\/p>\n<\/form>\n<\/div>\n<p>Conhe\u00e7a o nosso escrit\u00f3rio. <span style=\"color: #ff0000;\"><a style=\"color: #ff0000;\" href=\"http:\/\/deborarufino.com.br\/\">DR Contabilidade<\/a><\/span><\/p>\n","protected":false},"excerpt":{"rendered":"<p>O chefe abriu uma MEI em seu nome ao\u00a0contr\u00e1rio\u00a0de contratar como funcion\u00e1rio? Isso \u00e9 mais normal que imagina, mas fique atento as obriga\u00e7\u00f5es.\u00a0 As empresas est\u00e3o buscando meios de pagar menos impostos, e essa foi uma alternativa que alguns empres\u00e1rios\u00a0encontraram.\u00a0 Por pagar menos impostos, o funcion\u00e1rio n\u00e3o poder\u00e1 adquirir alguns\u00a0benef\u00edcios, onde s\u00f3 \u00e9 permitido para [&hellip;]<\/p>\n","protected":false},"author":1,"featured_media":690,"comment_status":"open","ping_status":"open","sticky":false,"template":"","format":"standard","meta":{"sharing_disabled":false,"spay_email":"","jetpack_publicize_message":""},"categories":[25],"tags":[],"jetpack_featured_media_url":"https:\/\/i1.wp.com\/deborarufino.com.br\/blog\/wp-content\/uploads\/2020\/06\/Design-sem-nome-22.jpg?fit=1772%2C1181","jetpack_publicize_connections":[],"jetpack_shortlink":"https:\/\/wp.me\/payWIZ-cY","jetpack-related-posts":[],"_links":{"self":[{"href":"http:\/\/deborarufino.com.br\/blog\/wp-json\/wp\/v2\/posts\/804"}],"collection":[{"href":"http:\/\/deborarufino.com.br\/blog\/wp-json\/wp\/v2\/posts"}],"about":[{"href":"http:\/\/deborarufino.com.br\/blog\/wp-json\/wp\/v2\/types\/post"}],"author":[{"embeddable":true,"href":"http:\/\/deborarufino.com.br\/blog\/wp-json\/wp\/v2\/users\/1"}],"replies":[{"embeddable":true,"href":"http:\/\/deborarufino.com.br\/blog\/wp-json\/wp\/v2\/comments?post=804"}],"version-history":[{"count":5,"href":"http:\/\/deborarufino.com.br\/blog\/wp-json\/wp\/v2\/posts\/804\/revisions"}],"predecessor-version":[{"id":2125,"href":"http:\/\/deborarufino.com.br\/blog\/wp-json\/wp\/v2\/posts\/804\/revisions\/2125"}],"wp:featuredmedia":[{"embeddable":true,"href":"http:\/\/deborarufino.com.br\/blog\/wp-json\/wp\/v2\/media\/690"}],"wp:attachment":[{"href":"http:\/\/deborarufino.com.br\/blog\/wp-json\/wp\/v2\/media?parent=804"}],"wp:term":[{"taxonomy":"category","embeddable":true,"href":"http:\/\/deborarufino.com.br\/blog\/wp-json\/wp\/v2\/categories?post=804"},{"taxonomy":"post_tag","embeddable":true,"href":"http:\/\/deborarufino.com.br\/blog\/wp-json\/wp\/v2\/tags?post=804"}],"curies":[{"name":"wp","href":"https:\/\/api.w.org\/{rel}","templated":true}]}}